{"id":265,"date":"2023-01-24T18:08:02","date_gmt":"2023-01-24T21:08:02","guid":{"rendered":"https:\/\/medianeira76.com.br\/?p=265"},"modified":"2023-01-24T19:08:34","modified_gmt":"2023-01-24T22:08:34","slug":"medianeira-perde-membro-de-1965","status":"publish","type":"post","link":"https:\/\/medianeira76.com.br\/index.php\/2023\/01\/24\/medianeira-perde-membro-de-1965\/","title":{"rendered":"Medianeira perde membro de 1965"},"content":{"rendered":"\n<p>Com 65 anos de hist\u00f3ria, n\u00e3o faltam pessoas que passaram pelo grupo e lembram com carinho do tempo em que foram membros juvenis. Com muita tristeza, recebemos hoje a not\u00edcia do falecimento de um deles. Fernando Augusto Abrantes agora est\u00e1 no Grande Acampamento. Um companheiro de patrulha, Fernando D. Estrada, nos mandou essa triste not\u00edcia, carregada de lembran\u00e7as e emo\u00e7\u00f5es: <\/p>\n\n\n\n<p><br>\u201cComunicamos o falecimento hoje, 24\/03\/2023, do Escoteiro da P\u00e1tria Fernando Augusto Abrantes, aos 68 anos. Ele iniciou sua jornada escoteira em 1965, aos 11 anos de idade, no 76 GE N. Sra Medianeira, ainda localizada nos fundos da Igreja S\u00e3o Jos\u00e9, na Rua Bar\u00e3o de Mesquita, 763, Andara\u00ed. Foi monitor da patrulha escoteira Andorinha, e depois, na Tropa S\u00eanior, foi monitor da patrulha Agulhas Negras, escoteiro de 2\u00aa e 1\u00aa classe, e finalmente, Escoteiro da P\u00e1tria, com v\u00e1rias especialidades acumuladas. <br>Tive a honra de ser seu companheiro na prova de jornada para se tornar Escoteiro da P\u00e1tria, quando percorremos 23km a p\u00e9, sem saber previamente o destino, da esquina da Rua Maxwell com rua Uruguai, at\u00e9 a Fazenda Francis Hime, na Taquara, mapeando todo o percurso com b\u00fassola e cumprindo v\u00e1rias atividades deixadas em com\u00e9rcios das ruas percorridas pelo organizador da jornada. <br> Em 1970 participou do Jamboree Pan-Americano em Assun\u00e7\u00e3o, Paraguai, com a patrulha s\u00eanior Agulhas Negras. Obteve muitas vit\u00f3rias em torneios com outros grupos escoteiros como monitor da Agulhas Negras. A seguir, se tornou Pioneiro por breve per\u00edodo, pois, com o in\u00edcio da faculdade de Engenharia em Petr\u00f3polis, precisou encerrar sua participa\u00e7\u00e3o no 76 GE N.Sra Medianeira. <br>Parab\u00e9ns a todos que continuam mantendo o grupo funcionando, e ajudando muitos jovens a crescerem com o esp\u00edrito escoteiro do fundador Robert Stephenson Baden Powell!!!&#8221;<\/p>\n\n\n\n<p>Na foto, Fernando Abrantes est\u00e1 em p\u00e9, \u00e0 esquerda, ainda como monitor da Patrulha \u00c1guia, em uma excurs\u00e3o \u00e0 Floresta da Tijuca, em 1974.<\/p>\n","protected":false},"excerpt":{"rendered":"<p>Com 65 anos de hist\u00f3ria, n\u00e3o faltam pessoas que passaram pelo grupo e lembram com carinho do tempo em que foram membros juvenis. Com muita tristeza, recebemos hoje a not\u00edcia do falecimento de um deles. Fernando Augusto Abrantes agora est\u00e1 no Grande Acampamento. Um companheiro de patrulha, Fernando D. Estrada, nos mandou essa triste not\u00edcia, &#8230; <a title=\"Medianeira perde membro de 1965\" class=\"read-more\" href=\"https:\/\/medianeira76.com.br\/index.php\/2023\/01\/24\/medianeira-perde-membro-de-1965\/\" aria-label=\"Read more about Medianeira perde membro de 1965\">Ler mais<\/a><\/p>\n","protected":false},"author":1,"featured_media":274,"comment_status":"open","ping_status":"open","sticky":false,"template":"","format":"standard","meta":{"_monsterinsights_skip_tracking":false,"_monsterinsights_sitenote_active":false,"_monsterinsights_sitenote_note":"","_monsterinsights_sitenote_category":0,"_joinchat":[],"footnotes":""},"categories":[6,7,8],"tags":[10],"class_list":["post-265","post","type-post","status-publish","format-standard","has-post-thumbnail","hentry","category-ramo-escoteiro","category-ramo-pioneiro","category-ramo-senior","tag-historia-do-med"],"aioseo_notices":[],"_links":{"self":[{"href":"https:\/\/medianeira76.com.br\/index.php\/wp-json\/wp\/v2\/posts\/265","targetHints":{"allow":["GET"]}}],"collection":[{"href":"https:\/\/medianeira76.com.br\/index.php\/wp-json\/wp\/v2\/posts"}],"about":[{"href":"https:\/\/medianeira76.com.br\/index.php\/wp-json\/wp\/v2\/types\/post"}],"author":[{"embeddable":true,"href":"https:\/\/medianeira76.com.br\/index.php\/wp-json\/wp\/v2\/users\/1"}],"replies":[{"embeddable":true,"href":"https:\/\/medianeira76.com.br\/index.php\/wp-json\/wp\/v2\/comments?post=265"}],"version-history":[{"count":3,"href":"https:\/\/medianeira76.com.br\/index.php\/wp-json\/wp\/v2\/posts\/265\/revisions"}],"predecessor-version":[{"id":272,"href":"https:\/\/medianeira76.com.br\/index.php\/wp-json\/wp\/v2\/posts\/265\/revisions\/272"}],"wp:featuredmedia":[{"embeddable":true,"href":"https:\/\/medianeira76.com.br\/index.php\/wp-json\/wp\/v2\/media\/274"}],"wp:attachment":[{"href":"https:\/\/medianeira76.com.br\/index.php\/wp-json\/wp\/v2\/media?parent=265"}],"wp:term":[{"taxonomy":"category","embeddable":true,"href":"https:\/\/medianeira76.com.br\/index.php\/wp-json\/wp\/v2\/categories?post=265"},{"taxonomy":"post_tag","embeddable":true,"href":"https:\/\/medianeira76.com.br\/index.php\/wp-json\/wp\/v2\/tags?post=265"}],"curies":[{"name":"wp","href":"https:\/\/api.w.org\/{rel}","templated":true}]}}