{"id":247,"date":"2022-06-27T22:40:01","date_gmt":"2022-06-28T01:40:01","guid":{"rendered":"https:\/\/medianeira76.com.br\/?p=247"},"modified":"2022-06-27T23:18:37","modified_gmt":"2022-06-28T02:18:37","slug":"teste-de-post","status":"publish","type":"post","link":"https:\/\/medianeira76.com.br\/index.php\/2022\/06\/27\/teste-de-post\/","title":{"rendered":"Alcateia na festa junina do ATRIUM"},"content":{"rendered":"\n<p>No domingo, 26 de junho de 2022, os lobinhos, pais e chefes participaram da festa junina do condom\u00ednio ATRIUM, na Tijuca. Alguns pioneiros tamb\u00e9m foram para ajudar. A alcateia assumiu a barraca de bola na lata, e ainda rifou uma cafeteira de c\u00e1psulas. A arrecada\u00e7\u00e3o vai para a reforma do telhado da Gruta dos Lobos. <\/p>\n\n\n\n<figure class=\"wp-block-image size-large\"><img loading=\"lazy\" decoding=\"async\" width=\"1024\" height=\"768\" src=\"https:\/\/medianeira76.com.br\/wp-content\/uploads\/2022\/06\/WhatsApp-Image-2022-06-26-at-18.39.40-1024x768.jpeg\" alt=\"\" class=\"wp-image-250\" srcset=\"https:\/\/medianeira76.com.br\/wp-content\/uploads\/2022\/06\/WhatsApp-Image-2022-06-26-at-18.39.40-1024x768.jpeg 1024w, https:\/\/medianeira76.com.br\/wp-content\/uploads\/2022\/06\/WhatsApp-Image-2022-06-26-at-18.39.40-300x225.jpeg 300w, https:\/\/medianeira76.com.br\/wp-content\/uploads\/2022\/06\/WhatsApp-Image-2022-06-26-at-18.39.40-768x576.jpeg 768w, https:\/\/medianeira76.com.br\/wp-content\/uploads\/2022\/06\/WhatsApp-Image-2022-06-26-at-18.39.40-1536x1152.jpeg 1536w, https:\/\/medianeira76.com.br\/wp-content\/uploads\/2022\/06\/WhatsApp-Image-2022-06-26-at-18.39.40.jpeg 1600w\" sizes=\"auto, (max-width: 1024px) 100vw, 1024px\" \/><\/figure>\n\n\n\n<figure class=\"wp-block-image size-large\"><img loading=\"lazy\" decoding=\"async\" width=\"768\" height=\"1024\" src=\"https:\/\/medianeira76.com.br\/wp-content\/uploads\/2022\/06\/WhatsApp-Image-2022-06-26-at-17.06.31-768x1024.jpeg\" alt=\"\" class=\"wp-image-251\" srcset=\"https:\/\/medianeira76.com.br\/wp-content\/uploads\/2022\/06\/WhatsApp-Image-2022-06-26-at-17.06.31-768x1024.jpeg 768w, https:\/\/medianeira76.com.br\/wp-content\/uploads\/2022\/06\/WhatsApp-Image-2022-06-26-at-17.06.31-225x300.jpeg 225w, https:\/\/medianeira76.com.br\/wp-content\/uploads\/2022\/06\/WhatsApp-Image-2022-06-26-at-17.06.31-1152x1536.jpeg 1152w, https:\/\/medianeira76.com.br\/wp-content\/uploads\/2022\/06\/WhatsApp-Image-2022-06-26-at-17.06.31.jpeg 1200w\" sizes=\"auto, (max-width: 768px) 100vw, 768px\" \/><\/figure>\n","protected":false},"excerpt":{"rendered":"<p>No domingo, 26 de junho de 2022, os lobinhos, pais e chefes participaram da festa junina do condom\u00ednio ATRIUM, na Tijuca. Alguns pioneiros tamb\u00e9m foram para ajudar. A alcateia assumiu a barraca de bola na lata, e ainda rifou uma cafeteira de c\u00e1psulas. A arrecada\u00e7\u00e3o vai para a reforma do telhado da Gruta dos Lobos.<\/p>\n","protected":false},"author":1,"featured_media":0,"comment_status":"open","ping_status":"open","sticky":false,"template":"","format":"standard","meta":{"_monsterinsights_skip_tracking":false,"_monsterinsights_sitenote_active":false,"_monsterinsights_sitenote_note":"","_monsterinsights_sitenote_category":0,"_joinchat":[],"footnotes":""},"categories":[5],"tags":[],"class_list":["post-247","post","type-post","status-publish","format-standard","hentry","category-ramo-lobinho"],"aioseo_notices":[],"_links":{"self":[{"href":"https:\/\/medianeira76.com.br\/index.php\/wp-json\/wp\/v2\/posts\/247","targetHints":{"allow":["GET"]}}],"collection":[{"href":"https:\/\/medianeira76.com.br\/index.php\/wp-json\/wp\/v2\/posts"}],"about":[{"href":"https:\/\/medianeira76.com.br\/index.php\/wp-json\/wp\/v2\/types\/post"}],"author":[{"embeddable":true,"href":"https:\/\/medianeira76.com.br\/index.php\/wp-json\/wp\/v2\/users\/1"}],"replies":[{"embeddable":true,"href":"https:\/\/medianeira76.com.br\/index.php\/wp-json\/wp\/v2\/comments?post=247"}],"version-history":[{"count":6,"href":"https:\/\/medianeira76.com.br\/index.php\/wp-json\/wp\/v2\/posts\/247\/revisions"}],"predecessor-version":[{"id":263,"href":"https:\/\/medianeira76.com.br\/index.php\/wp-json\/wp\/v2\/posts\/247\/revisions\/263"}],"wp:attachment":[{"href":"https:\/\/medianeira76.com.br\/index.php\/wp-json\/wp\/v2\/media?parent=247"}],"wp:term":[{"taxonomy":"category","embeddable":true,"href":"https:\/\/medianeira76.com.br\/index.php\/wp-json\/wp\/v2\/categories?post=247"},{"taxonomy":"post_tag","embeddable":true,"href":"https:\/\/medianeira76.com.br\/index.php\/wp-json\/wp\/v2\/tags?post=247"}],"curies":[{"name":"wp","href":"https:\/\/api.w.org\/{rel}","templated":true}]}}