{"id":163,"date":"2020-08-16T20:17:30","date_gmt":"2020-08-16T23:17:30","guid":{"rendered":"https:\/\/medianeira76.com.br\/?p=163"},"modified":"2020-08-16T21:04:08","modified_gmt":"2020-08-17T00:04:08","slug":"age-2020-regional","status":"publish","type":"post","link":"https:\/\/medianeira76.com.br\/index.php\/2020\/08\/16\/age-2020-regional\/","title":{"rendered":"AGO Regional RJ 2020"},"content":{"rendered":"\n<p>Caros Associados,<br>A Assembleia Geral Ordin\u00e1ria Regional RJ 2020 ser\u00e1 realizada no dia 05 de setembro de 2020 e voc\u00ea tamb\u00e9m pode participar.<br><br>Prazo para inscri\u00e7\u00e3o: 26\/08\/2020.<br><br>Assembleia: 05\/09\/2020 das 9h \u00e0s 20h.<br><br>Contamos com todos os Associados.<br><br>Abaixo os links que orientar\u00e3o voc\u00ea como participar.<\/p>\n\n\n\n<ul class=\"wp-block-list\"><li><a rel=\"noreferrer noopener\" href=\"http:\/\/www.escoteirosrj.org.br\/direcao-regional-convoca-assembleia-regional-ordinaria-2020\/\" target=\"_blank\">Convoca\u00e7\u00e3o da Assembleia<\/a><\/li><li><a href=\"https:\/\/docs.google.com\/forms\/d\/e\/1FAIpQLScMtLZRKjpMUTVxMuHPsye-oh4oxrPIuy0u2msJhoAwyxLejw\/viewform\" target=\"_blank\" rel=\"noreferrer noopener\">Formul\u00e1rio para inscri\u00e7\u00e3o<\/a><\/li><\/ul>\n","protected":false},"excerpt":{"rendered":"<p>Caros Associados,A Assembleia Geral Ordin\u00e1ria Regional RJ 2020 ser\u00e1 realizada no dia 05 de setembro de 2020 e voc\u00ea tamb\u00e9m pode participar. Prazo para inscri\u00e7\u00e3o: 26\/08\/2020. Assembleia: 05\/09\/2020 das 9h \u00e0s 20h. Contamos com todos os Associados. Abaixo os links que orientar\u00e3o voc\u00ea como participar. Convoca\u00e7\u00e3o da Assembleia Formul\u00e1rio para inscri\u00e7\u00e3o<\/p>\n","protected":false},"author":1,"featured_media":0,"comment_status":"open","ping_status":"open","sticky":false,"template":"","format":"standard","meta":{"_monsterinsights_skip_tracking":false,"_monsterinsights_sitenote_active":false,"_monsterinsights_sitenote_note":"","_monsterinsights_sitenote_category":0,"_joinchat":[],"footnotes":""},"categories":[6,5,7,8],"tags":[],"class_list":["post-163","post","type-post","status-publish","format-standard","hentry","category-ramo-escoteiro","category-ramo-lobinho","category-ramo-pioneiro","category-ramo-senior"],"aioseo_notices":[],"_links":{"self":[{"href":"https:\/\/medianeira76.com.br\/index.php\/wp-json\/wp\/v2\/posts\/163","targetHints":{"allow":["GET"]}}],"collection":[{"href":"https:\/\/medianeira76.com.br\/index.php\/wp-json\/wp\/v2\/posts"}],"about":[{"href":"https:\/\/medianeira76.com.br\/index.php\/wp-json\/wp\/v2\/types\/post"}],"author":[{"embeddable":true,"href":"https:\/\/medianeira76.com.br\/index.php\/wp-json\/wp\/v2\/users\/1"}],"replies":[{"embeddable":true,"href":"https:\/\/medianeira76.com.br\/index.php\/wp-json\/wp\/v2\/comments?post=163"}],"version-history":[{"count":4,"href":"https:\/\/medianeira76.com.br\/index.php\/wp-json\/wp\/v2\/posts\/163\/revisions"}],"predecessor-version":[{"id":174,"href":"https:\/\/medianeira76.com.br\/index.php\/wp-json\/wp\/v2\/posts\/163\/revisions\/174"}],"wp:attachment":[{"href":"https:\/\/medianeira76.com.br\/index.php\/wp-json\/wp\/v2\/media?parent=163"}],"wp:term":[{"taxonomy":"category","embeddable":true,"href":"https:\/\/medianeira76.com.br\/index.php\/wp-json\/wp\/v2\/categories?post=163"},{"taxonomy":"post_tag","embeddable":true,"href":"https:\/\/medianeira76.com.br\/index.php\/wp-json\/wp\/v2\/tags?post=163"}],"curies":[{"name":"wp","href":"https:\/\/api.w.org\/{rel}","templated":true}]}}